{"id":479,"date":"2018-05-17T08:52:22","date_gmt":"2018-05-17T11:52:22","guid":{"rendered":"http:\/\/nishadalar.org\/?p=479"},"modified":"2018-05-26T09:19:44","modified_gmt":"2018-05-26T12:19:44","slug":"19-mayis-ataturku-anma-genclik-ve-spor-bayrami-2","status":"publish","type":"post","link":"http:\/\/nishadalar.org\/?p=479","title":{"rendered":"19.May\u0131s Duyurusu"},"content":{"rendered":"<p>19.May\u0131s cumartesi g\u00fcn\u00fc Ulu \u00d6nder Atat\u00fcrk&#8217;\u00fcn Samsun&#8217;a ayak\u00a0 basarak ilk kurtulu\u015f me\u015falesini yakmas\u0131n\u0131n 99. y\u0131ld\u00f6n\u00fcm\u00fcnde \u00c7anakkale ve Kurtulu\u015f sava\u015f\u0131 men\u00fcs\u00fc ile panoroma seyir teras\u0131nda iftar yeme\u011fi verilecek ve akabinde site i\u00e7i fener alay\u0131 y\u00fcr\u00fcy\u00fc\u015f\u00fc yap\u0131lacakt\u0131r. Milli Birlik ve Beraberlik ruhu ile t\u00fcm site sakinlerimiz etkinli\u011fe davetlidir. Bayrak say\u0131s\u0131n\u0131 artt\u0131rmak maksad\u0131yla sakinlerimizden mevcut bayraklar\u0131yla kat\u0131lmalar\u0131 rica olunur.<\/p>\n<p>Program:<\/p>\n<p>1.\u0130ftar yeme\u011fi saati 20:25 (yo\u011furtlu bu\u011fday \u00e7orbas\u0131,\u00fcz\u00fcm ho\u015faf\u0131,ekmek,su)<\/p>\n<p>2.Fener alay\u0131 (Ba\u015flang\u0131\u00e7 ve biti\u015f seyir teras\u0131nda olacak \u015fekilde\u00a0 site i\u00e7i y\u00fcr\u00fcy\u00fc\u015f mar\u015flar\u0131 e\u015fli\u011finde yap\u0131lacakt\u0131r)<\/p>\n<p>&nbsp;<\/p>\n","protected":false},"excerpt":{"rendered":"<p>19.May\u0131s cumartesi g\u00fcn\u00fc Ulu \u00d6nder Atat\u00fcrk&#8217;\u00fcn Samsun&#8217;a ayak\u00a0 basarak ilk kurtulu\u015f me\u015falesini yakmas\u0131n\u0131n 99. y\u0131ld\u00f6n\u00fcm\u00fcnde \u00c7anakkale ve Kurtulu\u015f sava\u015f\u0131 men\u00fcs\u00fc ile panoroma seyir teras\u0131nda iftar yeme\u011fi verilecek ve akabinde site i\u00e7i fener alay\u0131 y\u00fcr\u00fcy\u00fc\u015f\u00fc yap\u0131lacakt\u0131r. Milli Birlik ve Beraberlik ruhu ile t\u00fcm site sakinlerimiz etkinli\u011fe davetlidir. Bayrak say\u0131s\u0131n\u0131 artt\u0131rmak maksad\u0131yla sakinlerimizden mevcut bayraklar\u0131yla kat\u0131lmalar\u0131 rica [&hellip;]<\/p>\n","protected":false},"author":1,"featured_media":455,"comment_status":"closed","ping_status":"open","sticky":false,"template":"","format":"standard","meta":[],"categories":[15],"tags":[],"_links":{"self":[{"href":"http:\/\/nishadalar.org\/index.php?rest_route=\/wp\/v2\/posts\/479"}],"collection":[{"href":"http:\/\/nishadalar.org\/index.php?rest_route=\/wp\/v2\/posts"}],"about":[{"href":"http:\/\/nishadalar.org\/index.php?rest_route=\/wp\/v2\/types\/post"}],"author":[{"embeddable":true,"href":"http:\/\/nishadalar.org\/index.php?rest_route=\/wp\/v2\/users\/1"}],"replies":[{"embeddable":true,"href":"http:\/\/nishadalar.org\/index.php?rest_route=%2Fwp%2Fv2%2Fcomments&post=479"}],"version-history":[{"count":6,"href":"http:\/\/nishadalar.org\/index.php?rest_route=\/wp\/v2\/posts\/479\/revisions"}],"predecessor-version":[{"id":682,"href":"http:\/\/nishadalar.org\/index.php?rest_route=\/wp\/v2\/posts\/479\/revisions\/682"}],"wp:featuredmedia":[{"embeddable":true,"href":"http:\/\/nishadalar.org\/index.php?rest_route=\/wp\/v2\/media\/455"}],"wp:attachment":[{"href":"http:\/\/nishadalar.org\/index.php?rest_route=%2Fwp%2Fv2%2Fmedia&parent=479"}],"wp:term":[{"taxonomy":"category","embeddable":true,"href":"http:\/\/nishadalar.org\/index.php?rest_route=%2Fwp%2Fv2%2Fcategories&post=479"},{"taxonomy":"post_tag","embeddable":true,"href":"http:\/\/nishadalar.org\/index.php?rest_route=%2Fwp%2Fv2%2Ftags&post=479"}],"curies":[{"name":"wp","href":"https:\/\/api.w.org\/{rel}","templated":true}]}}